{"id":3173,"date":"2016-01-28T22:06:57","date_gmt":"2016-01-28T22:06:57","guid":{"rendered":"http:\/\/blog.dianeundlars.de\/?p=3173"},"modified":"2025-10-26T14:17:59","modified_gmt":"2025-10-26T14:17:59","slug":"daenemark-2016-tag-6","status":"publish","type":"post","link":"https:\/\/dianeundlars.de\/?p=3173","title":{"rendered":"D\u00e4nemark 2016 &#8211; S\u00fcdw\u00e4rts bis R\u00f8m\u00f8"},"content":{"rendered":"<p style=\"text-align: justify;\">Nach einer sturmumtosten, etwas schlaflosen Nacht begr\u00fc\u00dft uns der neue Tag trocken und sogar mit ein bisschen Sonne. Wir machen uns also wieder auf die Socken &#8211; unter einem dramatischen Himmel und st\u00e4ndig wechselndem Licht.<\/p>\n<div class=\"tiled-gallery type-rectangular tiled-gallery-unresized\" data-original-width=\"525\" data-carousel-extra='{&quot;blog_id&quot;:1,&quot;permalink&quot;:&quot;https:\\\/\\\/dianeundlars.de\\\/?p=3173&quot;,&quot;likes_blog_id&quot;:58649276}' itemscope itemtype=\"http:\/\/schema.org\/ImageGallery\" > <div class=\"gallery-row\" style=\"width: 525px; height: 235px;\" data-original-width=\"525\" data-original-height=\"235\" > <div class=\"gallery-group images-1\" style=\"width: 351px; height: 235px;\" data-original-width=\"351\" data-original-height=\"235\" > <div class=\"tiled-gallery-item tiled-gallery-item-large\" itemprop=\"associatedMedia\" itemscope itemtype=\"http:\/\/schema.org\/ImageObject\"> <a href=\"https:\/\/dianeundlars.de\/?attachment_id=3160\" border=\"0\" itemprop=\"url\"> <meta itemprop=\"width\" content=\"347\"> <meta itemprop=\"height\" content=\"231\"> <img decoding=\"async\" class=\"\" data-attachment-id=\"3160\" data-orig-file=\"https:\/\/dianeundlars.de\/wp-content\/uploads\/2016\/01\/Daenemark-110.jpg\" data-orig-size=\"1500,1000\" data-comments-opened=\"1\" data-image-meta=\"{&quot;aperture&quot;:&quot;0&quot;,&quot;credit&quot;:&quot;&quot;,&quot;camera&quot;:&quot;&quot;,&quot;caption&quot;:&quot;&quot;,&quot;created_timestamp&quot;:&quot;1453981578&quot;,&quot;copyright&quot;:&quot;&quot;,&quot;focal_length&quot;:&quot;0&quot;,&quot;iso&quot;:&quot;0&quot;,&quot;shutter_speed&quot;:&quot;0&quot;,&quot;title&quot;:&quot;&quot;,&quot;orientation&quot;:&quot;1&quot;}\" data-image-title=\"\" data-image-description=\"\" data-medium-file=\"https:\/\/i0.wp.com\/dianeundlars.de\/wp-content\/uploads\/2016\/01\/Daenemark-110.jpg?fit=300%2C200&#038;ssl=1\" data-large-file=\"https:\/\/i0.wp.com\/dianeundlars.de\/wp-content\/uploads\/2016\/01\/Daenemark-110.jpg?fit=525%2C350&#038;ssl=1\" src=\"https:\/\/i0.wp.com\/dianeundlars.de\/wp-content\/uploads\/2016\/01\/Daenemark-110.jpg?w=347&#038;h=231&#038;ssl=1\" srcset=\"https:\/\/i0.wp.com\/dianeundlars.de\/wp-content\/uploads\/2016\/01\/Daenemark-110.jpg?w=1500&amp;ssl=1 1500w, https:\/\/i0.wp.com\/dianeundlars.de\/wp-content\/uploads\/2016\/01\/Daenemark-110.jpg?resize=300%2C200&amp;ssl=1 300w, https:\/\/i0.wp.com\/dianeundlars.de\/wp-content\/uploads\/2016\/01\/Daenemark-110.jpg?resize=768%2C512&amp;ssl=1 768w, https:\/\/i0.wp.com\/dianeundlars.de\/wp-content\/uploads\/2016\/01\/Daenemark-110.jpg?resize=1024%2C683&amp;ssl=1 1024w, https:\/\/i0.wp.com\/dianeundlars.de\/wp-content\/uploads\/2016\/01\/Daenemark-110.jpg?resize=450%2C300&amp;ssl=1 450w\" width=\"347\" height=\"231\" loading=\"lazy\" data-original-width=\"347\" data-original-height=\"231\" itemprop=\"http:\/\/schema.org\/image\" title=\"\" alt=\"On the road again....\" style=\"width: 347px; height: 231px;\" \/> <\/a> <div class=\"tiled-gallery-caption\" itemprop=\"caption description\"> On the road again&#8230;. <\/div> <\/div> <\/div> <!-- close group --> <div class=\"gallery-group images-2\" style=\"width: 174px; height: 235px;\" data-original-width=\"174\" data-original-height=\"235\" > <div class=\"tiled-gallery-item tiled-gallery-item-small\" itemprop=\"associatedMedia\" itemscope itemtype=\"http:\/\/schema.org\/ImageObject\"> <a href=\"https:\/\/dianeundlars.de\/?attachment_id=3162\" border=\"0\" itemprop=\"url\"> <meta itemprop=\"width\" content=\"170\"> <meta itemprop=\"height\" content=\"114\"> <img decoding=\"async\" class=\"\" data-attachment-id=\"3162\" data-orig-file=\"https:\/\/dianeundlars.de\/wp-content\/uploads\/2016\/01\/Daenemark-112.jpg\" data-orig-size=\"1500,1000\" data-comments-opened=\"1\" data-image-meta=\"{&quot;aperture&quot;:&quot;0&quot;,&quot;credit&quot;:&quot;&quot;,&quot;camera&quot;:&quot;&quot;,&quot;caption&quot;:&quot;&quot;,&quot;created_timestamp&quot;:&quot;1453985740&quot;,&quot;copyright&quot;:&quot;&quot;,&quot;focal_length&quot;:&quot;0&quot;,&quot;iso&quot;:&quot;0&quot;,&quot;shutter_speed&quot;:&quot;0&quot;,&quot;title&quot;:&quot;&quot;,&quot;orientation&quot;:&quot;1&quot;}\" data-image-title=\"\" data-image-description=\"\" data-medium-file=\"https:\/\/i0.wp.com\/dianeundlars.de\/wp-content\/uploads\/2016\/01\/Daenemark-112.jpg?fit=300%2C200&#038;ssl=1\" data-large-file=\"https:\/\/i0.wp.com\/dianeundlars.de\/wp-content\/uploads\/2016\/01\/Daenemark-112.jpg?fit=525%2C350&#038;ssl=1\" src=\"https:\/\/i0.wp.com\/dianeundlars.de\/wp-content\/uploads\/2016\/01\/Daenemark-112.jpg?w=170&#038;h=114&#038;ssl=1\" srcset=\"https:\/\/i0.wp.com\/dianeundlars.de\/wp-content\/uploads\/2016\/01\/Daenemark-112.jpg?w=1500&amp;ssl=1 1500w, https:\/\/i0.wp.com\/dianeundlars.de\/wp-content\/uploads\/2016\/01\/Daenemark-112.jpg?resize=300%2C200&amp;ssl=1 300w, https:\/\/i0.wp.com\/dianeundlars.de\/wp-content\/uploads\/2016\/01\/Daenemark-112.jpg?resize=768%2C512&amp;ssl=1 768w, https:\/\/i0.wp.com\/dianeundlars.de\/wp-content\/uploads\/2016\/01\/Daenemark-112.jpg?resize=1024%2C683&amp;ssl=1 1024w, https:\/\/i0.wp.com\/dianeundlars.de\/wp-content\/uploads\/2016\/01\/Daenemark-112.jpg?resize=450%2C300&amp;ssl=1 450w\" width=\"170\" height=\"114\" loading=\"lazy\" data-original-width=\"170\" data-original-height=\"114\" itemprop=\"http:\/\/schema.org\/image\" title=\"\" alt=\"Landlebenidylle\" style=\"width: 170px; height: 114px;\" \/> <\/a> <div class=\"tiled-gallery-caption\" itemprop=\"caption description\"> Landlebenidylle <\/div> <\/div> <div class=\"tiled-gallery-item tiled-gallery-item-small\" itemprop=\"associatedMedia\" itemscope itemtype=\"http:\/\/schema.org\/ImageObject\"> <a href=\"https:\/\/dianeundlars.de\/?attachment_id=3169\" border=\"0\" itemprop=\"url\"> <meta itemprop=\"width\" content=\"170\"> <meta itemprop=\"height\" content=\"113\"> <img decoding=\"async\" class=\"\" data-attachment-id=\"3169\" data-orig-file=\"https:\/\/dianeundlars.de\/wp-content\/uploads\/2016\/01\/Daenemark-119.jpg\" data-orig-size=\"1500,1000\" data-comments-opened=\"1\" data-image-meta=\"{&quot;aperture&quot;:&quot;0&quot;,&quot;credit&quot;:&quot;&quot;,&quot;camera&quot;:&quot;&quot;,&quot;caption&quot;:&quot;&quot;,&quot;created_timestamp&quot;:&quot;1453993569&quot;,&quot;copyright&quot;:&quot;&quot;,&quot;focal_length&quot;:&quot;0&quot;,&quot;iso&quot;:&quot;0&quot;,&quot;shutter_speed&quot;:&quot;0&quot;,&quot;title&quot;:&quot;&quot;,&quot;orientation&quot;:&quot;1&quot;}\" data-image-title=\"\" data-image-description=\"\" data-medium-file=\"https:\/\/i0.wp.com\/dianeundlars.de\/wp-content\/uploads\/2016\/01\/Daenemark-119.jpg?fit=300%2C200&#038;ssl=1\" data-large-file=\"https:\/\/i0.wp.com\/dianeundlars.de\/wp-content\/uploads\/2016\/01\/Daenemark-119.jpg?fit=525%2C350&#038;ssl=1\" src=\"https:\/\/i0.wp.com\/dianeundlars.de\/wp-content\/uploads\/2016\/01\/Daenemark-119.jpg?w=170&#038;h=113&#038;ssl=1\" srcset=\"https:\/\/i0.wp.com\/dianeundlars.de\/wp-content\/uploads\/2016\/01\/Daenemark-119.jpg?w=1500&amp;ssl=1 1500w, https:\/\/i0.wp.com\/dianeundlars.de\/wp-content\/uploads\/2016\/01\/Daenemark-119.jpg?resize=300%2C200&amp;ssl=1 300w, https:\/\/i0.wp.com\/dianeundlars.de\/wp-content\/uploads\/2016\/01\/Daenemark-119.jpg?resize=768%2C512&amp;ssl=1 768w, https:\/\/i0.wp.com\/dianeundlars.de\/wp-content\/uploads\/2016\/01\/Daenemark-119.jpg?resize=1024%2C683&amp;ssl=1 1024w, https:\/\/i0.wp.com\/dianeundlars.de\/wp-content\/uploads\/2016\/01\/Daenemark-119.jpg?resize=450%2C300&amp;ssl=1 450w\" width=\"170\" height=\"113\" loading=\"lazy\" data-original-width=\"170\" data-original-height=\"113\" itemprop=\"http:\/\/schema.org\/image\" title=\"\" alt=\"Winterfarben\" style=\"width: 170px; height: 113px;\" \/> <\/a> <div class=\"tiled-gallery-caption\" itemprop=\"caption description\"> Winterfarben <\/div> <\/div> <\/div> <!-- close group --> <\/div> <!-- close row --> <div class=\"gallery-row\" style=\"width: 525px; height: 351px;\" data-original-width=\"525\" data-original-height=\"351\" > <div class=\"gallery-group images-1\" style=\"width: 525px; height: 351px;\" data-original-width=\"525\" data-original-height=\"351\" > <div class=\"tiled-gallery-item tiled-gallery-item-large\" itemprop=\"associatedMedia\" itemscope itemtype=\"http:\/\/schema.org\/ImageObject\"> <a href=\"https:\/\/dianeundlars.de\/?attachment_id=3163\" border=\"0\" itemprop=\"url\"> <meta itemprop=\"width\" content=\"521\"> <meta itemprop=\"height\" content=\"347\"> <img decoding=\"async\" class=\"\" data-attachment-id=\"3163\" data-orig-file=\"https:\/\/dianeundlars.de\/wp-content\/uploads\/2016\/01\/Daenemark-113.jpg\" data-orig-size=\"1500,1000\" data-comments-opened=\"1\" data-image-meta=\"{&quot;aperture&quot;:&quot;0&quot;,&quot;credit&quot;:&quot;&quot;,&quot;camera&quot;:&quot;&quot;,&quot;caption&quot;:&quot;&quot;,&quot;created_timestamp&quot;:&quot;1453986448&quot;,&quot;copyright&quot;:&quot;&quot;,&quot;focal_length&quot;:&quot;0&quot;,&quot;iso&quot;:&quot;0&quot;,&quot;shutter_speed&quot;:&quot;0&quot;,&quot;title&quot;:&quot;&quot;,&quot;orientation&quot;:&quot;1&quot;}\" data-image-title=\"\" data-image-description=\"\" data-medium-file=\"https:\/\/i0.wp.com\/dianeundlars.de\/wp-content\/uploads\/2016\/01\/Daenemark-113.jpg?fit=300%2C200&#038;ssl=1\" data-large-file=\"https:\/\/i0.wp.com\/dianeundlars.de\/wp-content\/uploads\/2016\/01\/Daenemark-113.jpg?fit=525%2C350&#038;ssl=1\" src=\"https:\/\/i0.wp.com\/dianeundlars.de\/wp-content\/uploads\/2016\/01\/Daenemark-113.jpg?w=521&#038;h=347&#038;ssl=1\" srcset=\"https:\/\/i0.wp.com\/dianeundlars.de\/wp-content\/uploads\/2016\/01\/Daenemark-113.jpg?w=1500&amp;ssl=1 1500w, https:\/\/i0.wp.com\/dianeundlars.de\/wp-content\/uploads\/2016\/01\/Daenemark-113.jpg?resize=300%2C200&amp;ssl=1 300w, https:\/\/i0.wp.com\/dianeundlars.de\/wp-content\/uploads\/2016\/01\/Daenemark-113.jpg?resize=768%2C512&amp;ssl=1 768w, https:\/\/i0.wp.com\/dianeundlars.de\/wp-content\/uploads\/2016\/01\/Daenemark-113.jpg?resize=1024%2C683&amp;ssl=1 1024w, https:\/\/i0.wp.com\/dianeundlars.de\/wp-content\/uploads\/2016\/01\/Daenemark-113.jpg?resize=450%2C300&amp;ssl=1 450w\" width=\"521\" height=\"347\" loading=\"lazy\" data-original-width=\"521\" data-original-height=\"347\" itemprop=\"http:\/\/schema.org\/image\" title=\"\" alt=\"12 Uhr Mittags im J\u00fctland\" style=\"width: 521px; height: 347px;\" \/> <\/a> <div class=\"tiled-gallery-caption\" itemprop=\"caption description\"> 12 Uhr Mittags im J\u00fctland <\/div> <\/div> <\/div> <!-- close group --> <\/div> <!-- close row --> <\/div>\n<p style=\"text-align: justify;\">Es geht nach S\u00fcden &#8211; Endstation ist die Insel R\u00f8m\u00f8, wo wir unbeabsichtigt wieder mitten im Milit\u00e4r\u00fcbungsgel\u00e4nde landen &#8211; immer noch ganz sch\u00f6n kriegerisch, die heutigen Wikinger&#8230;.. Hier werden wohl Piloten trainiert, aber zum Gl\u00fcck nicht gerade jetzt. Wir wollen also nur schnell cachen und erkennen sofort den Unterschied zwischen tats\u00e4chlicher und gef\u00fchlter Temperatur. Das Autothermometer zeigt zwar 5,5 Grad, aber der immer noch strenge Wind macht es eisig.<\/p>\n<p style=\"text-align: justify;\">Gut, dass man auch hier mit dem Auto bis auf den Strand fahren kann. So lassen sich die eingefrorenen Nasen und Finger wieder auftauen, w\u00e4hrend man die Brandung genie\u00dft \ud83d\ude42<\/p>\n<div class=\"tiled-gallery type-rectangular tiled-gallery-unresized\" data-original-width=\"525\" data-carousel-extra='{&quot;blog_id&quot;:1,&quot;permalink&quot;:&quot;https:\\\/\\\/dianeundlars.de\\\/?p=3173&quot;,&quot;likes_blog_id&quot;:58649276}' itemscope itemtype=\"http:\/\/schema.org\/ImageGallery\" > <div class=\"gallery-row\" style=\"width: 525px; height: 235px;\" data-original-width=\"525\" data-original-height=\"235\" > <div class=\"gallery-group images-1\" style=\"width: 351px; height: 235px;\" data-original-width=\"351\" data-original-height=\"235\" > <div class=\"tiled-gallery-item tiled-gallery-item-large\" itemprop=\"associatedMedia\" itemscope itemtype=\"http:\/\/schema.org\/ImageObject\"> <a href=\"https:\/\/dianeundlars.de\/?attachment_id=3164\" border=\"0\" itemprop=\"url\"> <meta itemprop=\"width\" content=\"347\"> <meta itemprop=\"height\" content=\"231\"> <img decoding=\"async\" class=\"\" data-attachment-id=\"3164\" data-orig-file=\"https:\/\/dianeundlars.de\/wp-content\/uploads\/2016\/01\/Daenemark-114.jpg\" data-orig-size=\"1500,1000\" data-comments-opened=\"1\" data-image-meta=\"{&quot;aperture&quot;:&quot;0&quot;,&quot;credit&quot;:&quot;&quot;,&quot;camera&quot;:&quot;&quot;,&quot;caption&quot;:&quot;&quot;,&quot;created_timestamp&quot;:&quot;1453989170&quot;,&quot;copyright&quot;:&quot;&quot;,&quot;focal_length&quot;:&quot;0&quot;,&quot;iso&quot;:&quot;0&quot;,&quot;shutter_speed&quot;:&quot;0&quot;,&quot;title&quot;:&quot;&quot;,&quot;orientation&quot;:&quot;1&quot;}\" data-image-title=\"\" data-image-description=\"\" data-medium-file=\"https:\/\/i0.wp.com\/dianeundlars.de\/wp-content\/uploads\/2016\/01\/Daenemark-114.jpg?fit=300%2C200&#038;ssl=1\" data-large-file=\"https:\/\/i0.wp.com\/dianeundlars.de\/wp-content\/uploads\/2016\/01\/Daenemark-114.jpg?fit=525%2C350&#038;ssl=1\" src=\"https:\/\/i0.wp.com\/dianeundlars.de\/wp-content\/uploads\/2016\/01\/Daenemark-114.jpg?w=347&#038;h=231&#038;ssl=1\" srcset=\"https:\/\/i0.wp.com\/dianeundlars.de\/wp-content\/uploads\/2016\/01\/Daenemark-114.jpg?w=1500&amp;ssl=1 1500w, https:\/\/i0.wp.com\/dianeundlars.de\/wp-content\/uploads\/2016\/01\/Daenemark-114.jpg?resize=300%2C200&amp;ssl=1 300w, https:\/\/i0.wp.com\/dianeundlars.de\/wp-content\/uploads\/2016\/01\/Daenemark-114.jpg?resize=768%2C512&amp;ssl=1 768w, https:\/\/i0.wp.com\/dianeundlars.de\/wp-content\/uploads\/2016\/01\/Daenemark-114.jpg?resize=1024%2C683&amp;ssl=1 1024w, https:\/\/i0.wp.com\/dianeundlars.de\/wp-content\/uploads\/2016\/01\/Daenemark-114.jpg?resize=450%2C300&amp;ssl=1 450w\" width=\"347\" height=\"231\" loading=\"lazy\" data-original-width=\"347\" data-original-height=\"231\" itemprop=\"http:\/\/schema.org\/image\" title=\"\" alt=\"R\u00f8m\u00f8 Strand bei Lalok\" style=\"width: 347px; height: 231px;\" \/> <\/a> <div class=\"tiled-gallery-caption\" itemprop=\"caption description\"> R\u00f8m\u00f8 Strand bei Lalok <\/div> <\/div> <\/div> <!-- close group --> <div class=\"gallery-group images-2\" style=\"width: 174px; height: 235px;\" data-original-width=\"174\" data-original-height=\"235\" > <div class=\"tiled-gallery-item tiled-gallery-item-small\" itemprop=\"associatedMedia\" itemscope itemtype=\"http:\/\/schema.org\/ImageObject\"> <a href=\"https:\/\/dianeundlars.de\/?attachment_id=3165\" border=\"0\" itemprop=\"url\"> <meta itemprop=\"width\" content=\"170\"> <meta itemprop=\"height\" content=\"114\"> <img decoding=\"async\" class=\"\" data-attachment-id=\"3165\" data-orig-file=\"https:\/\/dianeundlars.de\/wp-content\/uploads\/2016\/01\/Daenemark-115.jpg\" data-orig-size=\"1500,1000\" data-comments-opened=\"1\" data-image-meta=\"{&quot;aperture&quot;:&quot;0&quot;,&quot;credit&quot;:&quot;&quot;,&quot;camera&quot;:&quot;&quot;,&quot;caption&quot;:&quot;&quot;,&quot;created_timestamp&quot;:&quot;1453989195&quot;,&quot;copyright&quot;:&quot;&quot;,&quot;focal_length&quot;:&quot;0&quot;,&quot;iso&quot;:&quot;0&quot;,&quot;shutter_speed&quot;:&quot;0&quot;,&quot;title&quot;:&quot;&quot;,&quot;orientation&quot;:&quot;1&quot;}\" data-image-title=\"\" data-image-description=\"\" data-medium-file=\"https:\/\/i0.wp.com\/dianeundlars.de\/wp-content\/uploads\/2016\/01\/Daenemark-115.jpg?fit=300%2C200&#038;ssl=1\" data-large-file=\"https:\/\/i0.wp.com\/dianeundlars.de\/wp-content\/uploads\/2016\/01\/Daenemark-115.jpg?fit=525%2C350&#038;ssl=1\" src=\"https:\/\/i0.wp.com\/dianeundlars.de\/wp-content\/uploads\/2016\/01\/Daenemark-115.jpg?w=170&#038;h=114&#038;ssl=1\" srcset=\"https:\/\/i0.wp.com\/dianeundlars.de\/wp-content\/uploads\/2016\/01\/Daenemark-115.jpg?w=1500&amp;ssl=1 1500w, https:\/\/i0.wp.com\/dianeundlars.de\/wp-content\/uploads\/2016\/01\/Daenemark-115.jpg?resize=300%2C200&amp;ssl=1 300w, https:\/\/i0.wp.com\/dianeundlars.de\/wp-content\/uploads\/2016\/01\/Daenemark-115.jpg?resize=768%2C512&amp;ssl=1 768w, https:\/\/i0.wp.com\/dianeundlars.de\/wp-content\/uploads\/2016\/01\/Daenemark-115.jpg?resize=1024%2C683&amp;ssl=1 1024w, https:\/\/i0.wp.com\/dianeundlars.de\/wp-content\/uploads\/2016\/01\/Daenemark-115.jpg?resize=450%2C300&amp;ssl=1 450w\" width=\"170\" height=\"114\" loading=\"lazy\" data-original-width=\"170\" data-original-height=\"114\" itemprop=\"http:\/\/schema.org\/image\" title=\"\" alt=\"Autostrand\" style=\"width: 170px; height: 114px;\" \/> <\/a> <div class=\"tiled-gallery-caption\" itemprop=\"caption description\"> Autostrand <\/div> <\/div> <div class=\"tiled-gallery-item tiled-gallery-item-small\" itemprop=\"associatedMedia\" itemscope itemtype=\"http:\/\/schema.org\/ImageObject\"> <a href=\"https:\/\/dianeundlars.de\/?attachment_id=3166\" border=\"0\" itemprop=\"url\"> <meta itemprop=\"width\" content=\"170\"> <meta itemprop=\"height\" content=\"113\"> <img decoding=\"async\" class=\"\" data-attachment-id=\"3166\" data-orig-file=\"https:\/\/dianeundlars.de\/wp-content\/uploads\/2016\/01\/Daenemark-116.jpg\" data-orig-size=\"1500,1000\" data-comments-opened=\"1\" data-image-meta=\"{&quot;aperture&quot;:&quot;0&quot;,&quot;credit&quot;:&quot;&quot;,&quot;camera&quot;:&quot;&quot;,&quot;caption&quot;:&quot;&quot;,&quot;created_timestamp&quot;:&quot;1453989549&quot;,&quot;copyright&quot;:&quot;&quot;,&quot;focal_length&quot;:&quot;0&quot;,&quot;iso&quot;:&quot;0&quot;,&quot;shutter_speed&quot;:&quot;0&quot;,&quot;title&quot;:&quot;&quot;,&quot;orientation&quot;:&quot;1&quot;}\" data-image-title=\"\" data-image-description=\"\" data-medium-file=\"https:\/\/i0.wp.com\/dianeundlars.de\/wp-content\/uploads\/2016\/01\/Daenemark-116.jpg?fit=300%2C200&#038;ssl=1\" data-large-file=\"https:\/\/i0.wp.com\/dianeundlars.de\/wp-content\/uploads\/2016\/01\/Daenemark-116.jpg?fit=525%2C350&#038;ssl=1\" src=\"https:\/\/i0.wp.com\/dianeundlars.de\/wp-content\/uploads\/2016\/01\/Daenemark-116.jpg?w=170&#038;h=113&#038;ssl=1\" srcset=\"https:\/\/i0.wp.com\/dianeundlars.de\/wp-content\/uploads\/2016\/01\/Daenemark-116.jpg?w=1500&amp;ssl=1 1500w, https:\/\/i0.wp.com\/dianeundlars.de\/wp-content\/uploads\/2016\/01\/Daenemark-116.jpg?resize=300%2C200&amp;ssl=1 300w, https:\/\/i0.wp.com\/dianeundlars.de\/wp-content\/uploads\/2016\/01\/Daenemark-116.jpg?resize=768%2C512&amp;ssl=1 768w, https:\/\/i0.wp.com\/dianeundlars.de\/wp-content\/uploads\/2016\/01\/Daenemark-116.jpg?resize=1024%2C683&amp;ssl=1 1024w, https:\/\/i0.wp.com\/dianeundlars.de\/wp-content\/uploads\/2016\/01\/Daenemark-116.jpg?resize=450%2C300&amp;ssl=1 450w\" width=\"170\" height=\"113\" loading=\"lazy\" data-original-width=\"170\" data-original-height=\"113\" itemprop=\"http:\/\/schema.org\/image\" title=\"\" alt=\"Auflaufend Wasser\" style=\"width: 170px; height: 113px;\" \/> <\/a> <div class=\"tiled-gallery-caption\" itemprop=\"caption description\"> Auflaufend Wasser <\/div> <\/div> <\/div> <!-- close group --> <\/div> <!-- close row --> <div class=\"gallery-row\" style=\"width: 525px; height: 176px;\" data-original-width=\"525\" data-original-height=\"176\" > <div class=\"gallery-group images-1\" style=\"width: 263px; height: 176px;\" data-original-width=\"263\" data-original-height=\"176\" > <div class=\"tiled-gallery-item tiled-gallery-item-large\" itemprop=\"associatedMedia\" itemscope itemtype=\"http:\/\/schema.org\/ImageObject\"> <a href=\"https:\/\/dianeundlars.de\/?attachment_id=3167\" border=\"0\" itemprop=\"url\"> <meta itemprop=\"width\" content=\"259\"> <meta itemprop=\"height\" content=\"172\"> <img decoding=\"async\" class=\"\" data-attachment-id=\"3167\" data-orig-file=\"https:\/\/dianeundlars.de\/wp-content\/uploads\/2016\/01\/Daenemark-117.jpg\" data-orig-size=\"1500,1000\" data-comments-opened=\"1\" data-image-meta=\"{&quot;aperture&quot;:&quot;0&quot;,&quot;credit&quot;:&quot;&quot;,&quot;camera&quot;:&quot;&quot;,&quot;caption&quot;:&quot;&quot;,&quot;created_timestamp&quot;:&quot;1453989714&quot;,&quot;copyright&quot;:&quot;&quot;,&quot;focal_length&quot;:&quot;0&quot;,&quot;iso&quot;:&quot;0&quot;,&quot;shutter_speed&quot;:&quot;0&quot;,&quot;title&quot;:&quot;&quot;,&quot;orientation&quot;:&quot;1&quot;}\" data-image-title=\"\" data-image-description=\"\" data-medium-file=\"https:\/\/i0.wp.com\/dianeundlars.de\/wp-content\/uploads\/2016\/01\/Daenemark-117.jpg?fit=300%2C200&#038;ssl=1\" data-large-file=\"https:\/\/i0.wp.com\/dianeundlars.de\/wp-content\/uploads\/2016\/01\/Daenemark-117.jpg?fit=525%2C350&#038;ssl=1\" src=\"https:\/\/i0.wp.com\/dianeundlars.de\/wp-content\/uploads\/2016\/01\/Daenemark-117.jpg?w=259&#038;h=172&#038;ssl=1\" srcset=\"https:\/\/i0.wp.com\/dianeundlars.de\/wp-content\/uploads\/2016\/01\/Daenemark-117.jpg?w=1500&amp;ssl=1 1500w, https:\/\/i0.wp.com\/dianeundlars.de\/wp-content\/uploads\/2016\/01\/Daenemark-117.jpg?resize=300%2C200&amp;ssl=1 300w, https:\/\/i0.wp.com\/dianeundlars.de\/wp-content\/uploads\/2016\/01\/Daenemark-117.jpg?resize=768%2C512&amp;ssl=1 768w, https:\/\/i0.wp.com\/dianeundlars.de\/wp-content\/uploads\/2016\/01\/Daenemark-117.jpg?resize=1024%2C683&amp;ssl=1 1024w, https:\/\/i0.wp.com\/dianeundlars.de\/wp-content\/uploads\/2016\/01\/Daenemark-117.jpg?resize=450%2C300&amp;ssl=1 450w\" width=\"259\" height=\"172\" loading=\"lazy\" data-original-width=\"259\" data-original-height=\"172\" itemprop=\"http:\/\/schema.org\/image\" title=\"\" alt=\"\" style=\"width: 259px; height: 172px;\" \/> <\/a> <\/div> <\/div> <!-- close group --> <div class=\"gallery-group images-1\" style=\"width: 262px; height: 176px;\" data-original-width=\"262\" data-original-height=\"176\" > <div class=\"tiled-gallery-item tiled-gallery-item-large\" itemprop=\"associatedMedia\" itemscope itemtype=\"http:\/\/schema.org\/ImageObject\"> <a href=\"https:\/\/dianeundlars.de\/?attachment_id=3168\" border=\"0\" itemprop=\"url\"> <meta itemprop=\"width\" content=\"258\"> <meta itemprop=\"height\" content=\"172\"> <img decoding=\"async\" class=\"\" data-attachment-id=\"3168\" data-orig-file=\"https:\/\/dianeundlars.de\/wp-content\/uploads\/2016\/01\/Daenemark-118.jpg\" data-orig-size=\"1500,1000\" data-comments-opened=\"1\" data-image-meta=\"{&quot;aperture&quot;:&quot;0&quot;,&quot;credit&quot;:&quot;&quot;,&quot;camera&quot;:&quot;&quot;,&quot;caption&quot;:&quot;&quot;,&quot;created_timestamp&quot;:&quot;1453990221&quot;,&quot;copyright&quot;:&quot;&quot;,&quot;focal_length&quot;:&quot;0&quot;,&quot;iso&quot;:&quot;0&quot;,&quot;shutter_speed&quot;:&quot;0&quot;,&quot;title&quot;:&quot;&quot;,&quot;orientation&quot;:&quot;1&quot;}\" data-image-title=\"\" data-image-description=\"\" data-medium-file=\"https:\/\/i0.wp.com\/dianeundlars.de\/wp-content\/uploads\/2016\/01\/Daenemark-118.jpg?fit=300%2C200&#038;ssl=1\" data-large-file=\"https:\/\/i0.wp.com\/dianeundlars.de\/wp-content\/uploads\/2016\/01\/Daenemark-118.jpg?fit=525%2C350&#038;ssl=1\" src=\"https:\/\/i0.wp.com\/dianeundlars.de\/wp-content\/uploads\/2016\/01\/Daenemark-118.jpg?w=258&#038;h=172&#038;ssl=1\" srcset=\"https:\/\/i0.wp.com\/dianeundlars.de\/wp-content\/uploads\/2016\/01\/Daenemark-118.jpg?w=1500&amp;ssl=1 1500w, https:\/\/i0.wp.com\/dianeundlars.de\/wp-content\/uploads\/2016\/01\/Daenemark-118.jpg?resize=300%2C200&amp;ssl=1 300w, https:\/\/i0.wp.com\/dianeundlars.de\/wp-content\/uploads\/2016\/01\/Daenemark-118.jpg?resize=768%2C512&amp;ssl=1 768w, https:\/\/i0.wp.com\/dianeundlars.de\/wp-content\/uploads\/2016\/01\/Daenemark-118.jpg?resize=1024%2C683&amp;ssl=1 1024w, https:\/\/i0.wp.com\/dianeundlars.de\/wp-content\/uploads\/2016\/01\/Daenemark-118.jpg?resize=450%2C300&amp;ssl=1 450w\" width=\"258\" height=\"172\" loading=\"lazy\" data-original-width=\"258\" data-original-height=\"172\" itemprop=\"http:\/\/schema.org\/image\" title=\"\" alt=\"\" style=\"width: 258px; height: 172px;\" \/> <\/a> <\/div> <\/div> <!-- close group --> <\/div> <!-- close row --> <\/div>\n<p>Auf dem R\u00fcckweg besuchen wir noch die Menschen am Meer, vier \u00fcbergro\u00dfe wei\u00dfe M\u00e4nneken am Strand.<\/p>\n<div class=\"tiled-gallery type-rectangular tiled-gallery-unresized\" data-original-width=\"525\" data-carousel-extra='{&quot;blog_id&quot;:1,&quot;permalink&quot;:&quot;https:\\\/\\\/dianeundlars.de\\\/?p=3173&quot;,&quot;likes_blog_id&quot;:58649276}' itemscope itemtype=\"http:\/\/schema.org\/ImageGallery\" > <div class=\"gallery-row\" style=\"width: 525px; height: 371px;\" data-original-width=\"525\" data-original-height=\"371\" > <div class=\"gallery-group images-2\" style=\"width: 276px; height: 371px;\" data-original-width=\"276\" data-original-height=\"371\" > <div class=\"tiled-gallery-item tiled-gallery-item-large\" itemprop=\"associatedMedia\" itemscope itemtype=\"http:\/\/schema.org\/ImageObject\"> <a href=\"https:\/\/dianeundlars.de\/?attachment_id=3170\" border=\"0\" itemprop=\"url\"> <meta itemprop=\"width\" content=\"272\"> <meta itemprop=\"height\" content=\"182\"> <img decoding=\"async\" class=\"\" data-attachment-id=\"3170\" data-orig-file=\"https:\/\/dianeundlars.de\/wp-content\/uploads\/2016\/01\/Daenemark-120.jpg\" data-orig-size=\"1500,1000\" data-comments-opened=\"1\" data-image-meta=\"{&quot;aperture&quot;:&quot;0&quot;,&quot;credit&quot;:&quot;&quot;,&quot;camera&quot;:&quot;&quot;,&quot;caption&quot;:&quot;&quot;,&quot;created_timestamp&quot;:&quot;1453997347&quot;,&quot;copyright&quot;:&quot;&quot;,&quot;focal_length&quot;:&quot;0&quot;,&quot;iso&quot;:&quot;0&quot;,&quot;shutter_speed&quot;:&quot;0&quot;,&quot;title&quot;:&quot;&quot;,&quot;orientation&quot;:&quot;1&quot;}\" data-image-title=\"\" data-image-description=\"\" data-medium-file=\"https:\/\/i0.wp.com\/dianeundlars.de\/wp-content\/uploads\/2016\/01\/Daenemark-120.jpg?fit=300%2C200&#038;ssl=1\" data-large-file=\"https:\/\/i0.wp.com\/dianeundlars.de\/wp-content\/uploads\/2016\/01\/Daenemark-120.jpg?fit=525%2C350&#038;ssl=1\" src=\"https:\/\/i0.wp.com\/dianeundlars.de\/wp-content\/uploads\/2016\/01\/Daenemark-120.jpg?w=272&#038;h=182&#038;ssl=1\" srcset=\"https:\/\/i0.wp.com\/dianeundlars.de\/wp-content\/uploads\/2016\/01\/Daenemark-120.jpg?w=1500&amp;ssl=1 1500w, https:\/\/i0.wp.com\/dianeundlars.de\/wp-content\/uploads\/2016\/01\/Daenemark-120.jpg?resize=300%2C200&amp;ssl=1 300w, https:\/\/i0.wp.com\/dianeundlars.de\/wp-content\/uploads\/2016\/01\/Daenemark-120.jpg?resize=768%2C512&amp;ssl=1 768w, https:\/\/i0.wp.com\/dianeundlars.de\/wp-content\/uploads\/2016\/01\/Daenemark-120.jpg?resize=1024%2C683&amp;ssl=1 1024w, https:\/\/i0.wp.com\/dianeundlars.de\/wp-content\/uploads\/2016\/01\/Daenemark-120.jpg?resize=450%2C300&amp;ssl=1 450w\" width=\"272\" height=\"182\" loading=\"lazy\" data-original-width=\"272\" data-original-height=\"182\" itemprop=\"http:\/\/schema.org\/image\" title=\"\" alt=\"Mennesket ved Havet\" style=\"width: 272px; height: 182px;\" \/> <\/a> <div class=\"tiled-gallery-caption\" itemprop=\"caption description\"> Mennesket ved Havet <\/div> <\/div> <div class=\"tiled-gallery-item tiled-gallery-item-large\" itemprop=\"associatedMedia\" itemscope itemtype=\"http:\/\/schema.org\/ImageObject\"> <a href=\"https:\/\/dianeundlars.de\/?attachment_id=3171\" border=\"0\" itemprop=\"url\"> <meta itemprop=\"width\" content=\"272\"> <meta itemprop=\"height\" content=\"181\"> <img decoding=\"async\" class=\"\" data-attachment-id=\"3171\" data-orig-file=\"https:\/\/dianeundlars.de\/wp-content\/uploads\/2016\/01\/Daenemark-121.jpg\" data-orig-size=\"1500,1000\" data-comments-opened=\"1\" data-image-meta=\"{&quot;aperture&quot;:&quot;0&quot;,&quot;credit&quot;:&quot;&quot;,&quot;camera&quot;:&quot;&quot;,&quot;caption&quot;:&quot;&quot;,&quot;created_timestamp&quot;:&quot;1453997438&quot;,&quot;copyright&quot;:&quot;&quot;,&quot;focal_length&quot;:&quot;0&quot;,&quot;iso&quot;:&quot;0&quot;,&quot;shutter_speed&quot;:&quot;0&quot;,&quot;title&quot;:&quot;&quot;,&quot;orientation&quot;:&quot;1&quot;}\" data-image-title=\"\" data-image-description=\"\" data-medium-file=\"https:\/\/i0.wp.com\/dianeundlars.de\/wp-content\/uploads\/2016\/01\/Daenemark-121.jpg?fit=300%2C200&#038;ssl=1\" data-large-file=\"https:\/\/i0.wp.com\/dianeundlars.de\/wp-content\/uploads\/2016\/01\/Daenemark-121.jpg?fit=525%2C350&#038;ssl=1\" src=\"https:\/\/i0.wp.com\/dianeundlars.de\/wp-content\/uploads\/2016\/01\/Daenemark-121.jpg?w=272&#038;h=181&#038;ssl=1\" srcset=\"https:\/\/i0.wp.com\/dianeundlars.de\/wp-content\/uploads\/2016\/01\/Daenemark-121.jpg?w=1500&amp;ssl=1 1500w, https:\/\/i0.wp.com\/dianeundlars.de\/wp-content\/uploads\/2016\/01\/Daenemark-121.jpg?resize=300%2C200&amp;ssl=1 300w, https:\/\/i0.wp.com\/dianeundlars.de\/wp-content\/uploads\/2016\/01\/Daenemark-121.jpg?resize=768%2C512&amp;ssl=1 768w, https:\/\/i0.wp.com\/dianeundlars.de\/wp-content\/uploads\/2016\/01\/Daenemark-121.jpg?resize=1024%2C683&amp;ssl=1 1024w, https:\/\/i0.wp.com\/dianeundlars.de\/wp-content\/uploads\/2016\/01\/Daenemark-121.jpg?resize=450%2C300&amp;ssl=1 450w\" width=\"272\" height=\"181\" loading=\"lazy\" data-original-width=\"272\" data-original-height=\"181\" itemprop=\"http:\/\/schema.org\/image\" title=\"\" alt=\"\" style=\"width: 272px; height: 181px;\" \/> <\/a> <\/div> <\/div> <!-- close group --> <div class=\"gallery-group images-1\" style=\"width: 249px; height: 371px;\" data-original-width=\"249\" data-original-height=\"371\" > <div class=\"tiled-gallery-item tiled-gallery-item-small\" itemprop=\"associatedMedia\" itemscope itemtype=\"http:\/\/schema.org\/ImageObject\"> <a href=\"https:\/\/dianeundlars.de\/?attachment_id=3172\" border=\"0\" itemprop=\"url\"> <meta itemprop=\"width\" content=\"245\"> <meta itemprop=\"height\" content=\"367\"> <img decoding=\"async\" class=\"\" data-attachment-id=\"3172\" data-orig-file=\"https:\/\/dianeundlars.de\/wp-content\/uploads\/2016\/01\/Daenemark-122.jpg\" data-orig-size=\"1000,1500\" data-comments-opened=\"1\" data-image-meta=\"{&quot;aperture&quot;:&quot;0&quot;,&quot;credit&quot;:&quot;&quot;,&quot;camera&quot;:&quot;&quot;,&quot;caption&quot;:&quot;&quot;,&quot;created_timestamp&quot;:&quot;1453998054&quot;,&quot;copyright&quot;:&quot;&quot;,&quot;focal_length&quot;:&quot;0&quot;,&quot;iso&quot;:&quot;0&quot;,&quot;shutter_speed&quot;:&quot;0&quot;,&quot;title&quot;:&quot;&quot;,&quot;orientation&quot;:&quot;1&quot;}\" data-image-title=\"\" data-image-description=\"\" data-medium-file=\"https:\/\/i0.wp.com\/dianeundlars.de\/wp-content\/uploads\/2016\/01\/Daenemark-122.jpg?fit=200%2C300&#038;ssl=1\" data-large-file=\"https:\/\/i0.wp.com\/dianeundlars.de\/wp-content\/uploads\/2016\/01\/Daenemark-122.jpg?fit=525%2C787&#038;ssl=1\" src=\"https:\/\/i0.wp.com\/dianeundlars.de\/wp-content\/uploads\/2016\/01\/Daenemark-122.jpg?w=245&#038;h=367&#038;ssl=1\" srcset=\"https:\/\/i0.wp.com\/dianeundlars.de\/wp-content\/uploads\/2016\/01\/Daenemark-122.jpg?w=1000&amp;ssl=1 1000w, https:\/\/i0.wp.com\/dianeundlars.de\/wp-content\/uploads\/2016\/01\/Daenemark-122.jpg?resize=200%2C300&amp;ssl=1 200w, https:\/\/i0.wp.com\/dianeundlars.de\/wp-content\/uploads\/2016\/01\/Daenemark-122.jpg?resize=768%2C1152&amp;ssl=1 768w, https:\/\/i0.wp.com\/dianeundlars.de\/wp-content\/uploads\/2016\/01\/Daenemark-122.jpg?resize=683%2C1024&amp;ssl=1 683w\" width=\"245\" height=\"367\" loading=\"lazy\" data-original-width=\"245\" data-original-height=\"367\" itemprop=\"http:\/\/schema.org\/image\" title=\"\" alt=\"Letzte Sonnenimpressionen\" style=\"width: 245px; height: 367px;\" \/> <\/a> <div class=\"tiled-gallery-caption\" itemprop=\"caption description\"> Letzte Sonnenimpressionen <\/div> <\/div> <\/div> <!-- close group --> <\/div> <!-- close row --> <\/div>\n","protected":false},"excerpt":{"rendered":"<p>Nach einer sturmumtosten, etwas schlaflosen Nacht begr\u00fc\u00dft uns der neue Tag trocken und sogar mit ein bisschen Sonne. Wir machen uns also wieder auf die Socken &#8211; unter einem dramatischen Himmel und st\u00e4ndig wechselndem Licht. Es geht nach S\u00fcden &#8211; Endstation ist die Insel R\u00f8m\u00f8, wo wir unbeabsichtigt wieder mitten im Milit\u00e4r\u00fcbungsgel\u00e4nde landen &#8211; immer &hellip; <\/p>\n<p class=\"link-more\"><a href=\"https:\/\/dianeundlars.de\/?p=3173\" class=\"more-link\"><span class=\"screen-reader-text\">\u201eD\u00e4nemark 2016 &#8211; S\u00fcdw\u00e4rts bis R\u00f8m\u00f8\u201c <\/span>weiterlesen<\/a><\/p>\n","protected":false},"author":1,"featured_media":0,"comment_status":"open","ping_status":"open","sticky":false,"template":"","format":"standard","meta":{"jetpack_post_was_ever_published":false,"_jetpack_newsletter_access":"","_jetpack_dont_email_post_to_subs":false,"_jetpack_newsletter_tier_id":0,"_jetpack_memberships_contains_paywalled_content":false,"_jetpack_memberships_contains_paid_content":false,"footnotes":"","jetpack_publicize_message":"","jetpack_publicize_feature_enabled":true,"jetpack_social_post_already_shared":true,"jetpack_social_options":{"image_generator_settings":{"template":"highway","default_image_id":0,"font":"","enabled":false},"version":2}},"categories":[23],"tags":[41],"class_list":["post-3173","post","type-post","status-publish","format-standard","hentry","category-urlaub","tag-daenemark"],"jetpack_publicize_connections":[],"jetpack_featured_media_url":"","jetpack_shortlink":"https:\/\/wp.me\/p3Y5m4-Pb","jetpack_sharing_enabled":true,"jetpack_likes_enabled":true,"_links":{"self":[{"href":"https:\/\/dianeundlars.de\/index.php?rest_route=\/wp\/v2\/posts\/3173","targetHints":{"allow":["GET"]}}],"collection":[{"href":"https:\/\/dianeundlars.de\/index.php?rest_route=\/wp\/v2\/posts"}],"about":[{"href":"https:\/\/dianeundlars.de\/index.php?rest_route=\/wp\/v2\/types\/post"}],"author":[{"embeddable":true,"href":"https:\/\/dianeundlars.de\/index.php?rest_route=\/wp\/v2\/users\/1"}],"replies":[{"embeddable":true,"href":"https:\/\/dianeundlars.de\/index.php?rest_route=%2Fwp%2Fv2%2Fcomments&post=3173"}],"version-history":[{"count":6,"href":"https:\/\/dianeundlars.de\/index.php?rest_route=\/wp\/v2\/posts\/3173\/revisions"}],"predecessor-version":[{"id":19774,"href":"https:\/\/dianeundlars.de\/index.php?rest_route=\/wp\/v2\/posts\/3173\/revisions\/19774"}],"wp:attachment":[{"href":"https:\/\/dianeundlars.de\/index.php?rest_route=%2Fwp%2Fv2%2Fmedia&parent=3173"}],"wp:term":[{"taxonomy":"category","embeddable":true,"href":"https:\/\/dianeundlars.de\/index.php?rest_route=%2Fwp%2Fv2%2Fcategories&post=3173"},{"taxonomy":"post_tag","embeddable":true,"href":"https:\/\/dianeundlars.de\/index.php?rest_route=%2Fwp%2Fv2%2Ftags&post=3173"}],"curies":[{"name":"wp","href":"https:\/\/api.w.org\/{rel}","templated":true}]}}